{"id":3659,"date":"2017-09-01T02:23:11","date_gmt":"2017-09-01T07:23:11","guid":{"rendered":"http:\/\/la-plaza.net\/laplaza\/?p=3659"},"modified":"2026-01-05T23:30:37","modified_gmt":"2026-01-06T04:30:37","slug":"fotos-huelga-maestros-les-quitan-la-plaza-les-disparan-las-calles","status":"publish","type":"post","link":"http:\/\/la-plaza.net\/laplaza\/fotos-huelga-maestros-les-quitan-la-plaza-les-disparan-las-calles\/","title":{"rendered":"[FOTOS] Huelga de Maestros: Les quitan la plaza, les disparan en las calles"},"content":{"rendered":"<p>La plaza San Mart\u00edn, el <a href=\"http:\/\/la-plaza.net\/laplaza\/fotos-huelga-maestros-vigilia-dialogo-la-represion\/\" target=\"_blank\" rel=\"noopener\">punto de concentraci\u00f3n que los maestros en huelga utilizaban<\/a> para sus movilizaciones en las \u00faltimas semanas, amaneci\u00f3 este jueves con <a href=\"http:\/\/la-plaza.net\/laplaza\/respeto-a-la-represion\/\" target=\"_blank\" rel=\"noopener\">un fuerte cord\u00f3n policial<\/a> que les impidi\u00f3 acceder al lugar, en una <a href=\"http:\/\/la-plaza.net\/laplaza\/zona-rigida-permanente\/\" target=\"_blank\" rel=\"noopener\">evidente vulneraci\u00f3n al derecho a la reuni\u00f3n y protesta<\/a>. La escena evocaba a los contingentes militares desplegados en las plazas lime\u00f1as en el autogolpe de 1992, durante la <a href=\"http:\/\/la-plaza.net\/laplaza\/fujimori-nos-mato-mas\/\" target=\"_blank\" rel=\"noopener\">dictadura fujimorista<\/a>.<\/p>\n<p>Sumado a esto, la protesta de los <a href=\"http:\/\/la-plaza.net\/laplaza\/huelga-maestros-descuentos-despidos-la-huelga-continua\/\" target=\"_blank\" rel=\"noopener\">profesores que llevan m\u00e1s de dos meses en huelga<\/a> fue brutalmente reprimida ese d\u00eda por los agentes policiales en diferentes puntos de Lima, quienes arremetieron contra ellos con <a href=\"http:\/\/la-plaza.net\/laplaza\/no-mas-perdigones-disparos-ciegan\/\" target=\"_blank\" rel=\"noopener\">disparos de escopetas<\/a> y <a href=\"http:\/\/la-plaza.net\/laplaza\/fotos-huelga-maestros-bombas-lacrimogenas-los-maestros-todas-las-mananas\/\" target=\"_blank\" rel=\"noopener\">bombas lacrim\u00f3genas<\/a> con la intenci\u00f3n de impedirles marchar por cualquier medio. No solo\u00a0 fueron empujados a golpes fuera de la plaza San Mart\u00edn y hostigados mientras se movilizaban desde el centro financiero de San Isidro hasta el centro de la ciudad, sino que tambi\u00e9n los desalojaron de la plaza Bolognesi por la noche.<\/p>\n<p>\u00c9ste desmedido despliegue de represi\u00f3n policial, junto con la del <a href=\"http:\/\/la-plaza.net\/laplaza\/huelga-maestros-bombas-palo-la-huelga-continua\/\" target=\"_blank\" rel=\"noopener\">jueves pasado en la avenida Abancay<\/a> y el cierre de las plazas p\u00fablicas, ha significado una lluvia de cr\u00edticas a la gesti\u00f3n del ministro del Interior, Carlos Basombr\u00edo, quien anteriormente acus\u00f3 sin pruebas a los docentes huelguistas, sus dirigentes y a los movimientos sociales que los apoyan de ser parte de una facci\u00f3n subversiva de Sendero Luminoso.<\/p>\n<p>Adem\u00e1s de los numerosos heridos por las armas policiales y de las detenciones arbitrarias efectuadas por los efectivos <em>terna<\/em>, \u00c1ngel Retuerto Quintanilla, un profesor de \u00c1ncash, falleci\u00f3 por un derrame cerebral cuando participaba en la manifestaci\u00f3n. Si bien el Ministerio de Salud asegura que dicha hemorragia interna fue completamente espont\u00e1nea, los maestros presentes aseguran que se debi\u00f3 al impacto de las lacrim\u00f3genas. Entretanto, dos docentes arrestados, Diego Jimmy\u00a0Asto Pariona y Eder Ramos Cerna, podr\u00edan enfrentar penas de hasta ocho a\u00f1os de c\u00e1rcel seg\u00fan el ministerio del Interior, el primero de ellos por propinarle una patada a un uniformado en medio de la violencia policial.<\/p>\n<div id=\"flickr_72157685498329251_9069\"><div class=\"slickr-flickr-galleria landscape original  classic\"><div style=\"clear:both\"><\/div><\/div><script type=\"text\/javascript\">jQuery(\"#flickr_72157685498329251_9069\").data(\"options\",{\"_toggleInfo\":false,\"autoplay\":5000,\"transition\":\"fade\",\"transitionSpeed\":500,\"showInfo\":false,\"imageCrop\":true,\"carousel\":true,\"responsive\":true,\"debug\":false,\"height\":0.75,\"theme\":\"classic\",\"dataSource\":[{\"thumb\":\"https:\\\/\\\/live.staticflickr.com\\\/4367\\\/36952290165_30df7ea6be_s.jpg\",\"image\":\"https:\\\/\\\/live.staticflickr.com\\\/4367\\\/36952290165_30df7ea6be_b.jpg\",\"title\":\"<span>Huelga de maestros: Les quitan la plaza, les disparan en las calles<\\\/span>\"},{\"thumb\":\"https:\\\/\\\/live.staticflickr.com\\\/4337\\\/36952289905_2f9c7d2422_s.jpg\",\"image\":\"https:\\\/\\\/live.staticflickr.com\\\/4337\\\/36952289905_2f9c7d2422_b.jpg\",\"title\":\"<span>Huelga de maestros: Les quitan la plaza, les disparan en las calles<\\\/span>\"},{\"thumb\":\"https:\\\/\\\/live.staticflickr.com\\\/4410\\\/36556473110_41988da5ac_s.jpg\",\"image\":\"https:\\\/\\\/live.staticflickr.com\\\/4410\\\/36556473110_41988da5ac_b.jpg\",\"title\":\"<span>Una Polic\\u00eda cada vez m\\u00e1s acostumbradada a abrir fuego arbitrariamente en manifestaciones<\\\/span>\"},{\"thumb\":\"https:\\\/\\\/live.staticflickr.com\\\/4338\\\/36952290965_95a534ce81_s.jpg\",\"image\":\"https:\\\/\\\/live.staticflickr.com\\\/4338\\\/36952290965_95a534ce81_b.jpg\",\"title\":\"<span>Huelga de maestros: Les quitan la plaza, les disparan en las calles<\\\/span>\"},{\"thumb\":\"https:\\\/\\\/live.staticflickr.com\\\/4361\\\/36952290775_7b28a19972_s.jpg\",\"image\":\"https:\\\/\\\/live.staticflickr.com\\\/4361\\\/36952290775_7b28a19972_b.jpg\",\"title\":\"<span>Huelga de maestros: Les quitan la plaza, les disparan en las calles<\\\/span>\"},{\"thumb\":\"https:\\\/\\\/live.staticflickr.com\\\/4434\\\/36556472650_e639c323df_s.jpg\",\"image\":\"https:\\\/\\\/live.staticflickr.com\\\/4434\\\/36556472650_e639c323df_b.jpg\",\"title\":\"<span>Huelga de maestros: Les quitan la plaza, les disparan en las calles<\\\/span>\"},{\"thumb\":\"https:\\\/\\\/live.staticflickr.com\\\/4386\\\/36952291135_9f9bceac80_s.jpg\",\"image\":\"https:\\\/\\\/live.staticflickr.com\\\/4386\\\/36952291135_9f9bceac80_b.jpg\",\"title\":\"<span>Huelga de maestros: Les quitan la plaza, les disparan en las calles<\\\/span>\"},{\"thumb\":\"https:\\\/\\\/live.staticflickr.com\\\/4376\\\/36952289985_de471a3563_s.jpg\",\"image\":\"https:\\\/\\\/live.staticflickr.com\\\/4376\\\/36952289985_de471a3563_b.jpg\",\"title\":\"<span>Huelga de maestros: Les quitan la plaza, les disparan en las calles<\\\/span>\"},{\"thumb\":\"https:\\\/\\\/live.staticflickr.com\\\/4356\\\/36764695296_a0561d27c1_s.jpg\",\"image\":\"https:\\\/\\\/live.staticflickr.com\\\/4356\\\/36764695296_a0561d27c1_b.jpg\",\"title\":\"<span>Huelga de maestros: Les quitan la plaza, les disparan en las calles<\\\/span>\"},{\"thumb\":\"https:\\\/\\\/live.staticflickr.com\\\/4336\\\/36764695186_989c9bd516_s.jpg\",\"image\":\"https:\\\/\\\/live.staticflickr.com\\\/4336\\\/36764695186_989c9bd516_b.jpg\",\"title\":\"<span>Huelga de maestros: Les quitan la plaza, les disparan en las calles<\\\/span>\"},{\"thumb\":\"https:\\\/\\\/live.staticflickr.com\\\/4419\\\/36764696156_71a82be303_s.jpg\",\"image\":\"https:\\\/\\\/live.staticflickr.com\\\/4419\\\/36764696156_71a82be303_b.jpg\",\"title\":\"<span>Huelga de maestros: Les quitan la plaza, les disparan en las calles<\\\/span>\"},{\"thumb\":\"https:\\\/\\\/live.staticflickr.com\\\/4433\\\/36952290585_4b086f4ba7_s.jpg\",\"image\":\"https:\\\/\\\/live.staticflickr.com\\\/4433\\\/36952290585_4b086f4ba7_b.jpg\",\"title\":\"<span>Huelga de maestros: Les quitan la plaza, les disparan en las calles<\\\/span>\"},{\"thumb\":\"https:\\\/\\\/live.staticflickr.com\\\/4347\\\/36556472740_d7e1f48efc_s.jpg\",\"image\":\"https:\\\/\\\/live.staticflickr.com\\\/4347\\\/36556472740_d7e1f48efc_b.jpg\",\"title\":\"<span>Huelga de maestros: Les quitan la plaza, les disparan en las calles<\\\/span>\"},{\"thumb\":\"https:\\\/\\\/live.staticflickr.com\\\/4422\\\/36952290455_3b314de49b_s.jpg\",\"image\":\"https:\\\/\\\/live.staticflickr.com\\\/4422\\\/36952290455_3b314de49b_b.jpg\",\"title\":\"<span>Huelga de maestros: Les quitan la plaza, les disparan en las calles<\\\/span>\"},{\"thumb\":\"https:\\\/\\\/live.staticflickr.com\\\/4346\\\/36952289825_cfc208483e_s.jpg\",\"image\":\"https:\\\/\\\/live.staticflickr.com\\\/4346\\\/36952289825_cfc208483e_b.jpg\",\"title\":\"<span>Huelga de maestros: Les quitan la plaza, les disparan en las calles<\\\/span>\"}]});<\/script><div style=\"clear:both\"><\/div><\/div>\n<p><em>Fotos de Jai G. y Alan B.<\/em><\/p>\n","protected":false},"excerpt":{"rendered":"<p>La plaza San Mart\u00edn, el punto de concentraci\u00f3n que los maestros en huelga utilizaban para sus movilizaciones en las \u00faltimas<\/p>\n","protected":false},"author":3,"featured_media":3664,"comment_status":"closed","ping_status":"closed","sticky":false,"template":"","format":"standard","meta":{"_exactmetrics_skip_tracking":false,"footnotes":""},"categories":[18],"tags":[40,430,638,182,371,54,356],"ppma_author":[807,806],"class_list":["post-3659","post","type-post","status-publish","format-standard","has-post-thumbnail","hentry","category-museo-fotografico","tag-criminalizacion-de-la-protesta","tag-derecho-a-la-protesta","tag-huelga-de-maestros","tag-ministerio-del-interior","tag-plaza-san-martin","tag-represion-policial","tag-sutep"],"yoast_head":"<!-- This site is optimized with the Yoast SEO plugin v22.9 - https:\/\/yoast.com\/wordpress\/plugins\/seo\/ -->\n<title>[FOTOS] Huelga de Maestros: Les quitan la plaza, les disparan en las calles | La Plaza<\/title>\n<meta name=\"description\" content=\"La plaza San Mart\u00edn, el punto de concentraci\u00f3n que los maestros en huelga utilizaban para sus movilizaciones en las \u00faltimas semanas, amaneci\u00f3 este jueves\" \/>\n<meta name=\"robots\" content=\"noindex, follow\" \/>\n<meta property=\"og:locale\" content=\"es_ES\" \/>\n<meta property=\"og:type\" content=\"article\" \/>\n<meta property=\"og:title\" content=\"[FOTOS] Huelga de Maestros: Les quitan la plaza, les disparan en las calles | La Plaza\" \/>\n<meta property=\"og:description\" content=\"La plaza San Mart\u00edn, el punto de concentraci\u00f3n que los maestros en huelga utilizaban para sus movilizaciones en las \u00faltimas semanas, amaneci\u00f3 este jueves\" \/>\n<meta property=\"og:url\" content=\"http:\/\/la-plaza.net\/laplaza\/fotos-huelga-maestros-les-quitan-la-plaza-les-disparan-las-calles\/\" \/>\n<meta property=\"og:site_name\" content=\"La Plaza\" \/>\n<meta property=\"article:publisher\" content=\"https:\/\/www.facebook.com\/infolaplaza\/?ref=hl\" \/>\n<meta property=\"article:published_time\" content=\"2017-09-01T07:23:11+00:00\" \/>\n<meta property=\"article:modified_time\" content=\"2026-01-06T04:30:37+00:00\" \/>\n<meta property=\"og:image\" content=\"http:\/\/la-plaza.net\/laplaza\/wp-content\/uploads\/2017\/09\/Maestrosportada22.jpg\" \/>\n\t<meta property=\"og:image:width\" content=\"3000\" \/>\n\t<meta property=\"og:image:height\" content=\"2000\" \/>\n\t<meta property=\"og:image:type\" content=\"image\/jpeg\" \/>\n<meta name=\"author\" content=\"Aitana G\u00f3mez, Alan Benavides\" \/>\n<meta name=\"twitter:label1\" content=\"Escrito por\" \/>\n\t<meta name=\"twitter:data1\" content=\"Aitana G\u00f3mez\" \/>\n\t<meta name=\"twitter:label2\" content=\"Tiempo de lectura\" \/>\n\t<meta name=\"twitter:data2\" content=\"2 minutos\" \/>\n<script type=\"application\/ld+json\" class=\"yoast-schema-graph\">{\"@context\":\"https:\/\/schema.org\",\"@graph\":[{\"@type\":\"Article\",\"@id\":\"http:\/\/la-plaza.net\/laplaza\/fotos-huelga-maestros-les-quitan-la-plaza-les-disparan-las-calles\/#article\",\"isPartOf\":{\"@id\":\"http:\/\/la-plaza.net\/laplaza\/fotos-huelga-maestros-les-quitan-la-plaza-les-disparan-las-calles\/\"},\"author\":{\"name\":\"Aitana G\u00f3mez\",\"@id\":\"https:\/\/la-plaza.net\/laplaza\/#\/schema\/person\/29c73f489770e0b18c2c4c923e1620cf\"},\"headline\":\"[FOTOS] Huelga de Maestros: Les quitan la plaza, les disparan en las calles\",\"datePublished\":\"2017-09-01T07:23:11+00:00\",\"dateModified\":\"2026-01-06T04:30:37+00:00\",\"mainEntityOfPage\":{\"@id\":\"http:\/\/la-plaza.net\/laplaza\/fotos-huelga-maestros-les-quitan-la-plaza-les-disparan-las-calles\/\"},\"wordCount\":384,\"publisher\":{\"@id\":\"https:\/\/la-plaza.net\/laplaza\/#organization\"},\"image\":{\"@id\":\"http:\/\/la-plaza.net\/laplaza\/fotos-huelga-maestros-les-quitan-la-plaza-les-disparan-las-calles\/#primaryimage\"},\"thumbnailUrl\":\"http:\/\/la-plaza.net\/laplaza\/wp-content\/uploads\/2017\/09\/Maestrosportada22.jpg\",\"keywords\":[\"Criminalizaci\u00f3n de la protesta\",\"Derecho a la protesta\",\"Huelga de maestros\",\"Ministerio del Interior\",\"Plaza San Mart\u00edn\",\"Represi\u00f3n policial\",\"Sutep\"],\"articleSection\":[\"Galer\u00edas\"],\"inLanguage\":\"es\"},{\"@type\":\"WebPage\",\"@id\":\"http:\/\/la-plaza.net\/laplaza\/fotos-huelga-maestros-les-quitan-la-plaza-les-disparan-las-calles\/\",\"url\":\"http:\/\/la-plaza.net\/laplaza\/fotos-huelga-maestros-les-quitan-la-plaza-les-disparan-las-calles\/\",\"name\":\"[FOTOS] Huelga de Maestros: Les quitan la plaza, les disparan en las calles | La Plaza\",\"isPartOf\":{\"@id\":\"https:\/\/la-plaza.net\/laplaza\/#website\"},\"primaryImageOfPage\":{\"@id\":\"http:\/\/la-plaza.net\/laplaza\/fotos-huelga-maestros-les-quitan-la-plaza-les-disparan-las-calles\/#primaryimage\"},\"image\":{\"@id\":\"http:\/\/la-plaza.net\/laplaza\/fotos-huelga-maestros-les-quitan-la-plaza-les-disparan-las-calles\/#primaryimage\"},\"thumbnailUrl\":\"http:\/\/la-plaza.net\/laplaza\/wp-content\/uploads\/2017\/09\/Maestrosportada22.jpg\",\"datePublished\":\"2017-09-01T07:23:11+00:00\",\"dateModified\":\"2026-01-06T04:30:37+00:00\",\"description\":\"La plaza San Mart\u00edn, el punto de concentraci\u00f3n que los maestros en huelga utilizaban para sus movilizaciones en las \u00faltimas semanas, amaneci\u00f3 este jueves\",\"breadcrumb\":{\"@id\":\"http:\/\/la-plaza.net\/laplaza\/fotos-huelga-maestros-les-quitan-la-plaza-les-disparan-las-calles\/#breadcrumb\"},\"inLanguage\":\"es\",\"potentialAction\":[{\"@type\":\"ReadAction\",\"target\":[\"http:\/\/la-plaza.net\/laplaza\/fotos-huelga-maestros-les-quitan-la-plaza-les-disparan-las-calles\/\"]}]},{\"@type\":\"ImageObject\",\"inLanguage\":\"es\",\"@id\":\"http:\/\/la-plaza.net\/laplaza\/fotos-huelga-maestros-les-quitan-la-plaza-les-disparan-las-calles\/#primaryimage\",\"url\":\"http:\/\/la-plaza.net\/laplaza\/wp-content\/uploads\/2017\/09\/Maestrosportada22.jpg\",\"contentUrl\":\"http:\/\/la-plaza.net\/laplaza\/wp-content\/uploads\/2017\/09\/Maestrosportada22.jpg\",\"width\":3000,\"height\":2000},{\"@type\":\"BreadcrumbList\",\"@id\":\"http:\/\/la-plaza.net\/laplaza\/fotos-huelga-maestros-les-quitan-la-plaza-les-disparan-las-calles\/#breadcrumb\",\"itemListElement\":[{\"@type\":\"ListItem\",\"position\":1,\"name\":\"Portada\",\"item\":\"https:\/\/la-plaza.net\/laplaza\/\"},{\"@type\":\"ListItem\",\"position\":2,\"name\":\"[FOTOS] Huelga de Maestros: Les quitan la plaza, les disparan en las calles\"}]},{\"@type\":\"WebSite\",\"@id\":\"https:\/\/la-plaza.net\/laplaza\/#website\",\"url\":\"https:\/\/la-plaza.net\/laplaza\/\",\"name\":\"La Plaza\",\"description\":\"Peri\u00f3dico La Plaza\",\"publisher\":{\"@id\":\"https:\/\/la-plaza.net\/laplaza\/#organization\"},\"potentialAction\":[{\"@type\":\"SearchAction\",\"target\":{\"@type\":\"EntryPoint\",\"urlTemplate\":\"https:\/\/la-plaza.net\/laplaza\/?s={search_term_string}\"},\"query-input\":\"required name=search_term_string\"}],\"inLanguage\":\"es\"},{\"@type\":\"Organization\",\"@id\":\"https:\/\/la-plaza.net\/laplaza\/#organization\",\"name\":\"La Plaza\",\"url\":\"https:\/\/la-plaza.net\/laplaza\/\",\"logo\":{\"@type\":\"ImageObject\",\"inLanguage\":\"es\",\"@id\":\"https:\/\/la-plaza.net\/laplaza\/#\/schema\/logo\/image\/\",\"url\":\"http:\/\/la-plaza.net\/laplaza\/wp-content\/uploads\/2015\/12\/cropped-cropped-cropped-cropped-laplazaeo1.png\",\"contentUrl\":\"http:\/\/la-plaza.net\/laplaza\/wp-content\/uploads\/2015\/12\/cropped-cropped-cropped-cropped-laplazaeo1.png\",\"width\":194,\"height\":248,\"caption\":\"La Plaza\"},\"image\":{\"@id\":\"https:\/\/la-plaza.net\/laplaza\/#\/schema\/logo\/image\/\"},\"sameAs\":[\"https:\/\/www.facebook.com\/infolaplaza\/?ref=hl\",\"https:\/\/x.com\/InfoLaPlaza\",\"https:\/\/www.youtube.com\/channel\/UCzi6OkLZUuoVsoHTiVvZ_dA\"]},{\"@type\":\"Person\",\"@id\":\"https:\/\/la-plaza.net\/laplaza\/#\/schema\/person\/29c73f489770e0b18c2c4c923e1620cf\",\"name\":\"Aitana G\u00f3mez\",\"image\":{\"@type\":\"ImageObject\",\"inLanguage\":\"es\",\"@id\":\"https:\/\/la-plaza.net\/laplaza\/#\/schema\/person\/image\/b50687390969eb038ab8a6c92e137c72\",\"url\":\"https:\/\/secure.gravatar.com\/avatar\/e5fc0055434ac4b2f0bf525814ab5f24efce6a134d5c1d8dfc10a61148b96938?s=96&d=mm&r=g\",\"contentUrl\":\"https:\/\/secure.gravatar.com\/avatar\/e5fc0055434ac4b2f0bf525814ab5f24efce6a134d5c1d8dfc10a61148b96938?s=96&d=mm&r=g\",\"caption\":\"Aitana G\u00f3mez\"},\"description\":\"Comunicadora por la Universidad de Barcelona. Fotoperiodista. No creo que la fotograf\u00eda cambie el mundo, pero es una forma de militancia.\",\"sameAs\":[\"https:\/\/x.com\/AitanadelaFlor\"],\"url\":\"http:\/\/la-plaza.net\/laplaza\/author\/aitana-g-de-la-flor\/\"}]}<\/script>\n<!-- \/ Yoast SEO plugin. -->","yoast_head_json":{"title":"[FOTOS] Huelga de Maestros: Les quitan la plaza, les disparan en las calles | La Plaza","description":"La plaza San Mart\u00edn, el punto de concentraci\u00f3n que los maestros en huelga utilizaban para sus movilizaciones en las \u00faltimas semanas, amaneci\u00f3 este jueves","robots":{"index":"noindex","follow":"follow"},"og_locale":"es_ES","og_type":"article","og_title":"[FOTOS] Huelga de Maestros: Les quitan la plaza, les disparan en las calles | La Plaza","og_description":"La plaza San Mart\u00edn, el punto de concentraci\u00f3n que los maestros en huelga utilizaban para sus movilizaciones en las \u00faltimas semanas, amaneci\u00f3 este jueves","og_url":"http:\/\/la-plaza.net\/laplaza\/fotos-huelga-maestros-les-quitan-la-plaza-les-disparan-las-calles\/","og_site_name":"La Plaza","article_publisher":"https:\/\/www.facebook.com\/infolaplaza\/?ref=hl","article_published_time":"2017-09-01T07:23:11+00:00","article_modified_time":"2026-01-06T04:30:37+00:00","og_image":[{"width":3000,"height":2000,"url":"http:\/\/la-plaza.net\/laplaza\/wp-content\/uploads\/2017\/09\/Maestrosportada22.jpg","type":"image\/jpeg"}],"author":"Aitana G\u00f3mez, Alan Benavides","twitter_misc":{"Escrito por":"Aitana G\u00f3mez","Tiempo de lectura":"2 minutos"},"schema":{"@context":"https:\/\/schema.org","@graph":[{"@type":"Article","@id":"http:\/\/la-plaza.net\/laplaza\/fotos-huelga-maestros-les-quitan-la-plaza-les-disparan-las-calles\/#article","isPartOf":{"@id":"http:\/\/la-plaza.net\/laplaza\/fotos-huelga-maestros-les-quitan-la-plaza-les-disparan-las-calles\/"},"author":{"name":"Aitana G\u00f3mez","@id":"https:\/\/la-plaza.net\/laplaza\/#\/schema\/person\/29c73f489770e0b18c2c4c923e1620cf"},"headline":"[FOTOS] Huelga de Maestros: Les quitan la plaza, les disparan en las calles","datePublished":"2017-09-01T07:23:11+00:00","dateModified":"2026-01-06T04:30:37+00:00","mainEntityOfPage":{"@id":"http:\/\/la-plaza.net\/laplaza\/fotos-huelga-maestros-les-quitan-la-plaza-les-disparan-las-calles\/"},"wordCount":384,"publisher":{"@id":"https:\/\/la-plaza.net\/laplaza\/#organization"},"image":{"@id":"http:\/\/la-plaza.net\/laplaza\/fotos-huelga-maestros-les-quitan-la-plaza-les-disparan-las-calles\/#primaryimage"},"thumbnailUrl":"http:\/\/la-plaza.net\/laplaza\/wp-content\/uploads\/2017\/09\/Maestrosportada22.jpg","keywords":["Criminalizaci\u00f3n de la protesta","Derecho a la protesta","Huelga de maestros","Ministerio del Interior","Plaza San Mart\u00edn","Represi\u00f3n policial","Sutep"],"articleSection":["Galer\u00edas"],"inLanguage":"es"},{"@type":"WebPage","@id":"http:\/\/la-plaza.net\/laplaza\/fotos-huelga-maestros-les-quitan-la-plaza-les-disparan-las-calles\/","url":"http:\/\/la-plaza.net\/laplaza\/fotos-huelga-maestros-les-quitan-la-plaza-les-disparan-las-calles\/","name":"[FOTOS] Huelga de Maestros: Les quitan la plaza, les disparan en las calles | La Plaza","isPartOf":{"@id":"https:\/\/la-plaza.net\/laplaza\/#website"},"primaryImageOfPage":{"@id":"http:\/\/la-plaza.net\/laplaza\/fotos-huelga-maestros-les-quitan-la-plaza-les-disparan-las-calles\/#primaryimage"},"image":{"@id":"http:\/\/la-plaza.net\/laplaza\/fotos-huelga-maestros-les-quitan-la-plaza-les-disparan-las-calles\/#primaryimage"},"thumbnailUrl":"http:\/\/la-plaza.net\/laplaza\/wp-content\/uploads\/2017\/09\/Maestrosportada22.jpg","datePublished":"2017-09-01T07:23:11+00:00","dateModified":"2026-01-06T04:30:37+00:00","description":"La plaza San Mart\u00edn, el punto de concentraci\u00f3n que los maestros en huelga utilizaban para sus movilizaciones en las \u00faltimas semanas, amaneci\u00f3 este jueves","breadcrumb":{"@id":"http:\/\/la-plaza.net\/laplaza\/fotos-huelga-maestros-les-quitan-la-plaza-les-disparan-las-calles\/#breadcrumb"},"inLanguage":"es","potentialAction":[{"@type":"ReadAction","target":["http:\/\/la-plaza.net\/laplaza\/fotos-huelga-maestros-les-quitan-la-plaza-les-disparan-las-calles\/"]}]},{"@type":"ImageObject","inLanguage":"es","@id":"http:\/\/la-plaza.net\/laplaza\/fotos-huelga-maestros-les-quitan-la-plaza-les-disparan-las-calles\/#primaryimage","url":"http:\/\/la-plaza.net\/laplaza\/wp-content\/uploads\/2017\/09\/Maestrosportada22.jpg","contentUrl":"http:\/\/la-plaza.net\/laplaza\/wp-content\/uploads\/2017\/09\/Maestrosportada22.jpg","width":3000,"height":2000},{"@type":"BreadcrumbList","@id":"http:\/\/la-plaza.net\/laplaza\/fotos-huelga-maestros-les-quitan-la-plaza-les-disparan-las-calles\/#breadcrumb","itemListElement":[{"@type":"ListItem","position":1,"name":"Portada","item":"https:\/\/la-plaza.net\/laplaza\/"},{"@type":"ListItem","position":2,"name":"[FOTOS] Huelga de Maestros: Les quitan la plaza, les disparan en las calles"}]},{"@type":"WebSite","@id":"https:\/\/la-plaza.net\/laplaza\/#website","url":"https:\/\/la-plaza.net\/laplaza\/","name":"La Plaza","description":"Peri\u00f3dico La Plaza","publisher":{"@id":"https:\/\/la-plaza.net\/laplaza\/#organization"},"potentialAction":[{"@type":"SearchAction","target":{"@type":"EntryPoint","urlTemplate":"https:\/\/la-plaza.net\/laplaza\/?s={search_term_string}"},"query-input":"required name=search_term_string"}],"inLanguage":"es"},{"@type":"Organization","@id":"https:\/\/la-plaza.net\/laplaza\/#organization","name":"La Plaza","url":"https:\/\/la-plaza.net\/laplaza\/","logo":{"@type":"ImageObject","inLanguage":"es","@id":"https:\/\/la-plaza.net\/laplaza\/#\/schema\/logo\/image\/","url":"http:\/\/la-plaza.net\/laplaza\/wp-content\/uploads\/2015\/12\/cropped-cropped-cropped-cropped-laplazaeo1.png","contentUrl":"http:\/\/la-plaza.net\/laplaza\/wp-content\/uploads\/2015\/12\/cropped-cropped-cropped-cropped-laplazaeo1.png","width":194,"height":248,"caption":"La Plaza"},"image":{"@id":"https:\/\/la-plaza.net\/laplaza\/#\/schema\/logo\/image\/"},"sameAs":["https:\/\/www.facebook.com\/infolaplaza\/?ref=hl","https:\/\/x.com\/InfoLaPlaza","https:\/\/www.youtube.com\/channel\/UCzi6OkLZUuoVsoHTiVvZ_dA"]},{"@type":"Person","@id":"https:\/\/la-plaza.net\/laplaza\/#\/schema\/person\/29c73f489770e0b18c2c4c923e1620cf","name":"Aitana G\u00f3mez","image":{"@type":"ImageObject","inLanguage":"es","@id":"https:\/\/la-plaza.net\/laplaza\/#\/schema\/person\/image\/b50687390969eb038ab8a6c92e137c72","url":"https:\/\/secure.gravatar.com\/avatar\/e5fc0055434ac4b2f0bf525814ab5f24efce6a134d5c1d8dfc10a61148b96938?s=96&d=mm&r=g","contentUrl":"https:\/\/secure.gravatar.com\/avatar\/e5fc0055434ac4b2f0bf525814ab5f24efce6a134d5c1d8dfc10a61148b96938?s=96&d=mm&r=g","caption":"Aitana G\u00f3mez"},"description":"Comunicadora por la Universidad de Barcelona. Fotoperiodista. No creo que la fotograf\u00eda cambie el mundo, pero es una forma de militancia.","sameAs":["https:\/\/x.com\/AitanadelaFlor"],"url":"http:\/\/la-plaza.net\/laplaza\/author\/aitana-g-de-la-flor\/"}]}},"authors":[{"term_id":807,"user_id":3,"is_guest":0,"slug":"aitana-g-de-la-flor","display_name":"Aitana G\u00f3mez","avatar_url":"https:\/\/secure.gravatar.com\/avatar\/e5fc0055434ac4b2f0bf525814ab5f24efce6a134d5c1d8dfc10a61148b96938?s=96&d=mm&r=g","first_name":"Aitana","last_name":"G\u00f3mez","user_url":"","job_title":"","description":"Comunicadora por la Universidad de Barcelona. Fotoperiodista. No creo que la fotograf\u00eda cambie el mundo, pero es una forma de militancia."},{"term_id":806,"user_id":2,"is_guest":0,"slug":"alan-benavides","display_name":"Alan Benavides","avatar_url":"https:\/\/secure.gravatar.com\/avatar\/f7b1e4943fe12bef34bddc33d953fb95cb9ba3b7e6738a4dba23f6361bd45f60?s=96&d=mm&r=g","first_name":"Alan","last_name":"B.","user_url":"","job_title":"","description":"Termin\u00e9 Periodismo, fotograf\u00edo protestas y escribo sobre conflictos sociales. No conf\u00edo en ning\u00fan gobierno, ninguna forma de poder econ\u00f3mico ni violencia uniformada."}],"_links":{"self":[{"href":"http:\/\/la-plaza.net\/laplaza\/wp-json\/wp\/v2\/posts\/3659","targetHints":{"allow":["GET"]}}],"collection":[{"href":"http:\/\/la-plaza.net\/laplaza\/wp-json\/wp\/v2\/posts"}],"about":[{"href":"http:\/\/la-plaza.net\/laplaza\/wp-json\/wp\/v2\/types\/post"}],"author":[{"embeddable":true,"href":"http:\/\/la-plaza.net\/laplaza\/wp-json\/wp\/v2\/users\/3"}],"replies":[{"embeddable":true,"href":"http:\/\/la-plaza.net\/laplaza\/wp-json\/wp\/v2\/comments?post=3659"}],"version-history":[{"count":3,"href":"http:\/\/la-plaza.net\/laplaza\/wp-json\/wp\/v2\/posts\/3659\/revisions"}],"predecessor-version":[{"id":4545,"href":"http:\/\/la-plaza.net\/laplaza\/wp-json\/wp\/v2\/posts\/3659\/revisions\/4545"}],"wp:featuredmedia":[{"embeddable":true,"href":"http:\/\/la-plaza.net\/laplaza\/wp-json\/wp\/v2\/media\/3664"}],"wp:attachment":[{"href":"http:\/\/la-plaza.net\/laplaza\/wp-json\/wp\/v2\/media?parent=3659"}],"wp:term":[{"taxonomy":"category","embeddable":true,"href":"http:\/\/la-plaza.net\/laplaza\/wp-json\/wp\/v2\/categories?post=3659"},{"taxonomy":"post_tag","embeddable":true,"href":"http:\/\/la-plaza.net\/laplaza\/wp-json\/wp\/v2\/tags?post=3659"},{"taxonomy":"author","embeddable":true,"href":"http:\/\/la-plaza.net\/laplaza\/wp-json\/wp\/v2\/ppma_author?post=3659"}],"curies":[{"name":"wp","href":"https:\/\/api.w.org\/{rel}","templated":true}]}}